{"id":17667,"date":"2022-08-31T08:13:11","date_gmt":"2022-08-31T08:13:11","guid":{"rendered":"https:\/\/ivek.ee\/?p=17667"},"modified":"2022-08-31T12:34:43","modified_gmt":"2022-08-31T12:34:43","slug":"infodni-po-evropejskim-meram-podderzhki-i-meram-spravedlivogo-perehoda","status":"publish","type":"post","link":"https:\/\/ivek.ee\/ru\/infodni-po-evropejskim-meram-podderzhki-i-meram-spravedlivogo-perehoda\/","title":{"rendered":"\u0418\u043d\u0444\u043e\u0434\u043d\u0438 \u043f\u043e \u0415\u0432\u0440\u043e\u043f\u0435\u0439\u0441\u043a\u0438\u043c \u043c\u0435\u0440\u0430\u043c \u043f\u043e\u0434\u0434\u0435\u0440\u0436\u043a\u0438 \u0438 \u043c\u0435\u0440\u0430\u043c \u0421\u043f\u0440\u0430\u0432\u0435\u0434\u043b\u0438\u0432\u043e\u0433\u043e \u043f\u0435\u0440\u0435\u0445\u043e\u0434\u0430 \u0432 \u041a\u043e\u0445\u0442\u043b\u0430-\u042f\u0440\u0432\u0435 13.09.2022"},"content":{"rendered":"<section class=\"wpb-content-wrapper\"><p>[vc_row][vc_column][vc_column_text]<\/p>\n<div class=\"container-body-vp container-body-md-vp container\">\n<div class=\"row row-large-gutters-vp aos-init aos-animate\" data-aos=\"fade-up\">\n<div class=\"col-sm-12 col-md-8\">\n<div id=\"block-sf-theme-leadtext\" class=\"settings-tray-editable block block-vp-distro-core block-lead-text\" data-drupal-settingstray=\"editable\">\n<p class=\"lead field field--name-field-lead-text field--type-string-long field--label-hidden field__item\">Rahandusministeerium \u0438 Riigi Tugiteenuste Keskus \u043f\u0440\u0438\u0433\u043b\u0430\u0448\u0430\u044e\u0442:<\/p>\n<\/div>\n<\/div>\n<\/div>\n<\/div>\n<div class=\"w-100 region region-content\">\n<div id=\"block-sf-theme-mainpagecontent\" class=\"block block-system block-system-main-block\">\n<article class=\"node node--type-article node--view-mode-full\" role=\"article\">\n<div class=\"field field--name-field-article-components field--type-entity-reference-revisions field--label-hidden field__items\">\n<div class=\"container-body-vp container-body-md-vp container mt-4 field__item aos-init aos-animate\" data-aos=\"fade-up\">\n<div class=\"clearfix paragraph paragraph--type--text-section paragraph--view-mode--default\">\n<div class=\"mb-3 field field--name-field-text-section-content field--type-text-long field--label-hidden field__item\">\n<p>&nbsp;<\/p>\n<p class=\"text-align-center\"><span class=\"JLqJ4b ChMk0b\" data-language-for-alternatives=\"ru\" data-language-to-translate-into=\"et\" data-phrase-index=\"0\" data-number-of-phrases=\"15\"><span class=\"Q4iAWc\">\u0420\u0435\u0433\u0438\u043e\u043d\u0430\u043b\u044c\u043d\u044b\u0435\u00a0 \u0438\u043d\u0444\u043e\u0434\u043d\u0438 \u043e \u0441\u0443\u0431\u0441\u0438\u0434\u0438\u044f\u0445\u00a0 \u0431\u0443\u0434\u0443\u0442 \u043f\u0440\u043e\u0445\u043e\u0434\u0438\u0442\u044c \u0441<\/span><\/span><span class=\"JLqJ4b ChMk0b\" data-language-for-alternatives=\"ru\" data-language-to-translate-into=\"et\" data-phrase-index=\"2\" data-number-of-phrases=\"15\"><span class=\"Q4iAWc\">\u00a013 \u043f\u043e 30 \u0441\u0435\u043d\u0442\u044f\u0431\u0440\u044f \u0432 \u0440\u0430\u0437\u043d\u044b\u0445 \u043c\u0435\u0441\u0442\u0430\u0445 \u042d\u0441\u0442\u043e\u043d\u0438\u0438:<\/span><\/span><\/p>\n<ul>\n<li class=\"text-align-center\"><span class=\"JLqJ4b ChMk0b\" data-language-for-alternatives=\"ru\" data-language-to-translate-into=\"et\" data-phrase-index=\"4\" data-number-of-phrases=\"15\"><span class=\"Q4iAWc\">\u041a\u043e\u0445\u0442\u043b\u0430-\u042f\u0440\u0432\u0435\u0441\u043a\u0430\u044f \u0441\u0440\u0435\u0434\u043d\u044f\u044f \u0448\u043a\u043e\u043b\u0430* &#8212; 13.09<\/span><\/span><\/li>\n<li class=\"text-align-center\"><span class=\"JLqJ4b ChMk0b\" data-language-for-alternatives=\"ru\" data-language-to-translate-into=\"et\" data-phrase-index=\"6\" data-number-of-phrases=\"15\"><span class=\"Q4iAWc\">\u0412\u044b\u0440\u0443\u0441\u043a\u0430\u044f \u0446\u0435\u043d\u0442\u0440\u0430\u043b\u044c\u043d\u0430\u044f \u0448\u043a\u043e\u043b\u0430 \u2013 20.09<\/span><\/span><\/li>\n<li class=\"text-align-center\"><span class=\"JLqJ4b ChMk0b\" data-language-for-alternatives=\"ru\" data-language-to-translate-into=\"et\" data-phrase-index=\"8\" data-number-of-phrases=\"15\"><span class=\"Q4iAWc\">\u0416\u0435\u043b\u0435\u0437\u043d\u043e\u0434\u043e\u0440\u043e\u0436\u043d\u044b\u0439 \u0432\u043e\u043a\u0437\u0430\u043b \u0422\u0430\u0440\u0442\u0443 &#8212; 21.09<\/span><\/span><\/li>\n<li class=\"text-align-center\"><span class=\"JLqJ4b ChMk0b\" data-language-for-alternatives=\"ru\" data-language-to-translate-into=\"et\" data-phrase-index=\"10\" data-number-of-phrases=\"15\"><span class=\"Q4iAWc\">\u0412\u0438\u043b\u044c\u044f\u043d\u0434\u0438\u0441\u043a\u0438\u0439 \u0430\u043c\u0431\u0430\u0440 \u0442\u0440\u0430\u0434\u0438\u0446\u0438\u043e\u043d\u043d\u043e\u0439 \u043c\u0443\u0437\u044b\u043a\u0438 &#8212; 27.09<\/span><\/span><\/li>\n<li class=\"text-align-center\"><span class=\"JLqJ4b ChMk0b\" data-language-for-alternatives=\"ru\" data-language-to-translate-into=\"et\" data-phrase-index=\"12\" data-number-of-phrases=\"15\"><span class=\"Q4iAWc\">\u041a\u043e\u0431\u0430\u0440, \u041f\u044f\u0440\u043d\u0443\u043c\u0430\u0430 &#8212; 28.09<\/span><\/span><\/li>\n<li class=\"text-align-center\"><span class=\"JLqJ4b ChMk0b\" data-language-for-alternatives=\"ru\" data-language-to-translate-into=\"et\" data-phrase-index=\"14\" data-number-of-phrases=\"15\"><span class=\"Q4iAWc\">\u0426\u0435\u043d\u0442\u0440 \u044d\u043a\u043e\u043b\u043e\u0433\u0438\u0447\u0435\u0441\u043a\u043e\u0433\u043e \u043e\u0431\u0440\u0430\u0437\u043e\u0432\u0430\u043d\u0438\u044f \u0422\u0430\u043b\u043b\u0438\u043d\u043d\u0441\u043a\u043e\u0433\u043e \u0437\u043e\u043e\u043f\u0430\u0440\u043a\u0430 &#8212; 30.09<\/span><\/span><\/li>\n<\/ul>\n<p>\u041c\u0435\u0440\u043e\u043f\u0440\u0438\u044f\u0442\u0438\u0435 \u0432 \u0419\u044b\u0445\u0432\u0438 \u043f\u0440\u043e\u0445\u043e\u0434\u0438\u0442 \u043d\u0430 \u044d\u0441\u0442\u043e\u043d\u0441\u043a\u043e\u043c \u044f\u0437\u044b\u043a\u0435 \u0441 \u043f\u0435\u0440\u0435\u0432\u043e\u0434\u043e\u043c \u043d\u0430 \u0440\u0443\u0441\u0441\u043a\u0438\u0439.<\/p>\n<\/div>\n<\/div>\n<\/div>\n<\/div>\n<\/article>\n<\/div>\n<\/div>\n<p>[\/vc_column_text][\/vc_column][\/vc_row][vc_row][vc_column][vc_column_text]<\/p>\n<h3><strong>\u041f\u0440\u043e\u0433\u0440\u0430\u043c\u043c\u0430<\/strong><\/h3>\n<p><strong>10.00<\/strong>\u00a0\u00a0P\u00e4eva avas\u00f5nad, \u00fcldisem struktuuriperioodi tutvustus (Rahandusministeerium)<br \/>\n<strong>10.20<\/strong>\u00a0\u00a0Toetuste rakendamisest \u00fcldisemalt (Riigi Tugiteenuste Keskus)<br \/>\n<strong>10.40<\/strong>\u00a0\u00a0Ettev\u00f5tlusmeetmed, teadusv\u00f5imekus- ja koost\u00f6\u00f6 (Majandus- ja Kommunikatsiooniministeerium ning Haridus- ja Teadusministeerium)<br \/>\n<strong>11.30<\/strong>\u00a0\u00a0Loomemajanduse arendamine (Kultuuriministeerium)<br \/>\n<strong>11.45<\/strong>\u00a0\u00a0Energiat\u00f5husus ja taastuvenergia (Majandus- ja Kommunikatsiooniministeerium ning Keskkonnaministeerium)<\/p>\n<p><em><strong>12.30\u00a0 L\u00d5UNA<\/strong><\/em><br \/>\n<strong>13.15\u00a0<\/strong>\u00a0Varasemal perioodil ellu viidud eduka projekti tutvustus<br \/>\n<strong>13.30<\/strong>\u00a0 Transport (Majandus- ja Kommunikatsiooniministeerium)<br \/>\n<strong>13.50<\/strong>\u00a0\u00a0Ringmajandus ja kliima (Keskkonnaministeerium)<br \/>\n<strong>14.35<\/strong>\u00a0\u00a0Pikaajalise hoolduse k\u00e4ttesaadavus ja kvaliteedi parandamine (Sotsiaalministeerium)<\/p>\n<p><em><strong>14.55\u00a0 PAUS<\/strong><\/em><br \/>\n<strong>15.15<\/strong>\u00a0\u00a0Haridus ja laste heaolu (Sotsiaalministeerium\u00a0ning Haridus- ja Teadusministeerium)<br \/>\n<strong>16.00<\/strong>\u00a0 Regionaalareng (Rahandusministeerium)<br \/>\n<strong>16.40<\/strong>\u00a0 Kokkuv\u00f5te<\/p>\n<p>*\u00a0Kohtla-J\u00e4rve infop\u00e4eval on tagatud s\u00fcnkroont\u00f5lge vene keelde.<i>\u00a0<\/i>K\u00f5ik infop\u00e4evade asukohad on ligip\u00e4\u00e4setavad liikumisabivahendeid kasutavatele osalejatele. P\u00e4eva keskel on l\u00f5unapaus ning kohapeal vesi, kohv ja tee. Lisak\u00fcsimuste korral p\u00f6\u00f6rdu:\u00a0<a href=\"mailto:eurotoetused@fin.ee\">eurotoetused@fin.ee<\/a>[\/vc_column_text][\/vc_column][\/vc_row][vc_row][vc_column]<div class='cta-gradient-box '><div class='container'  ><div class='textarea-wrap'><h4>\u0418\u043d\u0444\u043e\u0440\u043c\u0430\u0446\u0438\u044f \u0438 \u0440\u0435\u0433\u0438\u0441\u0442\u0440\u0430\u0446\u0438\u044f<\/h4><a href=https:\/\/www.rtk.ee\/eurotoetuste-infopaevad target=' '>\u043f\u043e\u0434\u0440\u043e\u0431\u043d\u0435\u0435...<\/a><\/div><\/div><\/div>[\/vc_column][\/vc_row]<\/p>\n<\/section>","protected":false},"excerpt":{"rendered":"<p>[vc_row][vc_column][vc_column_text] Rahandusministeerium \u0438 Riigi Tugiteenuste Keskus \u043f\u0440\u0438\u0433\u043b\u0430\u0448\u0430\u044e\u0442: &nbsp; \u0420\u0435\u0433\u0438\u043e\u043d\u0430\u043b\u044c\u043d\u044b\u0435\u00a0 \u0438\u043d\u0444\u043e\u0434\u043d\u0438 \u043e \u0441\u0443\u0431\u0441\u0438\u0434\u0438\u044f\u0445\u00a0 \u0431\u0443\u0434\u0443\u0442 \u043f\u0440\u043e\u0445\u043e\u0434\u0438\u0442\u044c \u0441\u00a013 \u043f\u043e 30 \u0441\u0435\u043d\u0442\u044f\u0431\u0440\u044f \u0432 \u0440\u0430\u0437\u043d\u044b\u0445 \u043c\u0435\u0441\u0442\u0430\u0445 \u042d\u0441\u0442\u043e\u043d\u0438\u0438: \u041a\u043e\u0445\u0442\u043b\u0430-\u042f\u0440\u0432\u0435\u0441\u043a\u0430\u044f \u0441\u0440\u0435\u0434\u043d\u044f\u044f \u0448\u043a\u043e\u043b\u0430* &#8212; 13.09 \u0412\u044b\u0440\u0443\u0441\u043a\u0430\u044f \u0446\u0435\u043d\u0442\u0440\u0430\u043b\u044c\u043d\u0430\u044f \u0448\u043a\u043e\u043b\u0430 \u2013 20.09 \u0416\u0435\u043b\u0435\u0437\u043d\u043e\u0434\u043e\u0440\u043e\u0436\u043d\u044b\u0439 \u0432\u043e\u043a\u0437\u0430\u043b \u0422\u0430\u0440\u0442\u0443 &#8212; 21.09 \u0412\u0438\u043b\u044c\u044f\u043d\u0434\u0438\u0441\u043a\u0438\u0439 \u0430\u043c\u0431\u0430\u0440 \u0442\u0440\u0430\u0434\u0438\u0446\u0438\u043e\u043d\u043d\u043e\u0439 \u043c\u0443\u0437\u044b\u043a\u0438 &#8212; 27.09 \u041a\u043e\u0431\u0430\u0440, \u041f\u044f\u0440\u043d\u0443\u043c\u0430\u0430 &#8212; 28.09 \u0426\u0435\u043d\u0442\u0440 \u044d\u043a\u043e\u043b\u043e\u0433\u0438\u0447\u0435\u0441\u043a\u043e\u0433\u043e \u043e\u0431\u0440\u0430\u0437\u043e\u0432\u0430\u043d\u0438\u044f \u0422\u0430\u043b\u043b\u0438\u043d\u043d\u0441\u043a\u043e\u0433\u043e \u0437\u043e\u043e\u043f\u0430\u0440\u043a\u0430 &#8212; 30.09 \u041c\u0435\u0440\u043e\u043f\u0440\u0438\u044f\u0442\u0438\u0435 [&hellip;]<\/p>\n","protected":false},"author":2,"featured_media":17665,"comment_status":"open","ping_status":"open","sticky":true,"template":"","format":"standard","meta":{"_acf_changed":false,"inline_featured_image":false,"footnotes":""},"categories":[171,174,178,166,167,168,169],"tags":[],"class_list":["post-17667","post","type-post","status-publish","format-standard","has-post-thumbnail","hentry","category-tegutsev-ettevotja-ru","category-abi-ru","category-rahastus-ru","category-mtu-ru","category-ou-ru","category-etv-ru","category-alustav-etttevotja-ru"],"acf":[],"yoast_head":"<!-- This site is optimized with the Yoast SEO plugin v23.3 - https:\/\/yoast.com\/wordpress\/plugins\/seo\/ -->\n<title>\u0418\u043d\u0444\u043e\u0434\u043d\u0438 \u043f\u043e \u0415\u0432\u0440\u043e\u043f\u0435\u0439\u0441\u043a\u0438\u043c \u043c\u0435\u0440\u0430\u043c \u043f\u043e\u0434\u0434\u0435\u0440\u0436\u043a\u0438 \u0438 \u043c\u0435\u0440\u0430\u043c \u0421\u043f\u0440\u0430\u0432\u0435\u0434\u043b\u0438\u0432\u043e\u0433\u043e \u043f\u0435\u0440\u0435\u0445\u043e\u0434\u0430 \u0432 \u041a\u043e\u0445\u0442\u043b\u0430-\u042f\u0440\u0432\u0435 13.09.2022 - Ida-Viru Ettev\u00f5tluskeskus<\/title>\n<meta name=\"robots\" content=\"index, follow, max-snippet:-1, max-image-preview:large, max-video-preview:-1\" \/>\n<link rel=\"canonical\" href=\"https:\/\/ivek.ee\/ru\/infodni-po-evropejskim-meram-podderzhki-i-meram-spravedlivogo-perehoda\/\" \/>\n<meta property=\"og:locale\" content=\"ru_RU\" \/>\n<meta property=\"og:type\" content=\"article\" \/>\n<meta property=\"og:title\" content=\"\u0418\u043d\u0444\u043e\u0434\u043d\u0438 \u043f\u043e \u0415\u0432\u0440\u043e\u043f\u0435\u0439\u0441\u043a\u0438\u043c \u043c\u0435\u0440\u0430\u043c \u043f\u043e\u0434\u0434\u0435\u0440\u0436\u043a\u0438 \u0438 \u043c\u0435\u0440\u0430\u043c \u0421\u043f\u0440\u0430\u0432\u0435\u0434\u043b\u0438\u0432\u043e\u0433\u043e \u043f\u0435\u0440\u0435\u0445\u043e\u0434\u0430 \u0432 \u041a\u043e\u0445\u0442\u043b\u0430-\u042f\u0440\u0432\u0435 13.09.2022 - Ida-Viru Ettev\u00f5tluskeskus\" \/>\n<meta property=\"og:description\" content=\"[vc_row][vc_column][vc_column_text] Rahandusministeerium \u0438 Riigi Tugiteenuste Keskus \u043f\u0440\u0438\u0433\u043b\u0430\u0448\u0430\u044e\u0442: &nbsp; \u0420\u0435\u0433\u0438\u043e\u043d\u0430\u043b\u044c\u043d\u044b\u0435\u00a0 \u0438\u043d\u0444\u043e\u0434\u043d\u0438 \u043e \u0441\u0443\u0431\u0441\u0438\u0434\u0438\u044f\u0445\u00a0 \u0431\u0443\u0434\u0443\u0442 \u043f\u0440\u043e\u0445\u043e\u0434\u0438\u0442\u044c \u0441\u00a013 \u043f\u043e 30 \u0441\u0435\u043d\u0442\u044f\u0431\u0440\u044f \u0432 \u0440\u0430\u0437\u043d\u044b\u0445 \u043c\u0435\u0441\u0442\u0430\u0445 \u042d\u0441\u0442\u043e\u043d\u0438\u0438: \u041a\u043e\u0445\u0442\u043b\u0430-\u042f\u0440\u0432\u0435\u0441\u043a\u0430\u044f \u0441\u0440\u0435\u0434\u043d\u044f\u044f \u0448\u043a\u043e\u043b\u0430* &#8212; 13.09 \u0412\u044b\u0440\u0443\u0441\u043a\u0430\u044f \u0446\u0435\u043d\u0442\u0440\u0430\u043b\u044c\u043d\u0430\u044f \u0448\u043a\u043e\u043b\u0430 \u2013 20.09 \u0416\u0435\u043b\u0435\u0437\u043d\u043e\u0434\u043e\u0440\u043e\u0436\u043d\u044b\u0439 \u0432\u043e\u043a\u0437\u0430\u043b \u0422\u0430\u0440\u0442\u0443 &#8212; 21.09 \u0412\u0438\u043b\u044c\u044f\u043d\u0434\u0438\u0441\u043a\u0438\u0439 \u0430\u043c\u0431\u0430\u0440 \u0442\u0440\u0430\u0434\u0438\u0446\u0438\u043e\u043d\u043d\u043e\u0439 \u043c\u0443\u0437\u044b\u043a\u0438 &#8212; 27.09 \u041a\u043e\u0431\u0430\u0440, \u041f\u044f\u0440\u043d\u0443\u043c\u0430\u0430 &#8212; 28.09 \u0426\u0435\u043d\u0442\u0440 \u044d\u043a\u043e\u043b\u043e\u0433\u0438\u0447\u0435\u0441\u043a\u043e\u0433\u043e \u043e\u0431\u0440\u0430\u0437\u043e\u0432\u0430\u043d\u0438\u044f \u0422\u0430\u043b\u043b\u0438\u043d\u043d\u0441\u043a\u043e\u0433\u043e \u0437\u043e\u043e\u043f\u0430\u0440\u043a\u0430 &#8212; 30.09 \u041c\u0435\u0440\u043e\u043f\u0440\u0438\u044f\u0442\u0438\u0435 [&hellip;]\" \/>\n<meta property=\"og:url\" content=\"https:\/\/ivek.ee\/ru\/infodni-po-evropejskim-meram-podderzhki-i-meram-spravedlivogo-perehoda\/\" \/>\n<meta property=\"og:site_name\" content=\"Ida-Viru Ettev\u00f5tluskeskus\" \/>\n<meta property=\"article:publisher\" content=\"https:\/\/www.facebook.com\/IVEK.EE\/\" \/>\n<meta property=\"article:published_time\" content=\"2022-08-31T08:13:11+00:00\" \/>\n<meta property=\"article:modified_time\" content=\"2022-08-31T12:34:43+00:00\" \/>\n<meta property=\"og:image\" content=\"https:\/\/ivek.ee\/wp-content\/uploads\/sf_valgel_y_1.jpg\" \/>\n\t<meta property=\"og:image:width\" content=\"1921\" \/>\n\t<meta property=\"og:image:height\" content=\"1081\" \/>\n\t<meta property=\"og:image:type\" content=\"image\/jpeg\" \/>\n<meta name=\"author\" content=\"Aleksandra Lestsuk\" \/>\n<meta name=\"twitter:card\" content=\"summary_large_image\" \/>\n<meta name=\"twitter:label1\" content=\"\u041d\u0430\u043f\u0438\u0441\u0430\u043d\u043e \u0430\u0432\u0442\u043e\u0440\u043e\u043c\" \/>\n\t<meta name=\"twitter:data1\" content=\"Aleksandra Lestsuk\" \/>\n\t<meta name=\"twitter:label2\" content=\"\u041f\u0440\u0438\u043c\u0435\u0440\u043d\u043e\u0435 \u0432\u0440\u0435\u043c\u044f \u0434\u043b\u044f \u0447\u0442\u0435\u043d\u0438\u044f\" \/>\n\t<meta name=\"twitter:data2\" content=\"1 \u043c\u0438\u043d\u0443\u0442\u0430\" \/>\n<script type=\"application\/ld+json\" class=\"yoast-schema-graph\">{\"@context\":\"https:\/\/schema.org\",\"@graph\":[{\"@type\":\"Article\",\"@id\":\"https:\/\/ivek.ee\/ru\/infodni-po-evropejskim-meram-podderzhki-i-meram-spravedlivogo-perehoda\/#article\",\"isPartOf\":{\"@id\":\"https:\/\/ivek.ee\/ru\/infodni-po-evropejskim-meram-podderzhki-i-meram-spravedlivogo-perehoda\/\"},\"author\":{\"name\":\"Aleksandra Lestsuk\",\"@id\":\"https:\/\/ivek.ee\/ru\/#\/schema\/person\/891af5481ebf1e4070a4f6f1a4f7404a\"},\"headline\":\"\u0418\u043d\u0444\u043e\u0434\u043d\u0438 \u043f\u043e \u0415\u0432\u0440\u043e\u043f\u0435\u0439\u0441\u043a\u0438\u043c \u043c\u0435\u0440\u0430\u043c \u043f\u043e\u0434\u0434\u0435\u0440\u0436\u043a\u0438 \u0438 \u043c\u0435\u0440\u0430\u043c \u0421\u043f\u0440\u0430\u0432\u0435\u0434\u043b\u0438\u0432\u043e\u0433\u043e \u043f\u0435\u0440\u0435\u0445\u043e\u0434\u0430 \u0432 \u041a\u043e\u0445\u0442\u043b\u0430-\u042f\u0440\u0432\u0435 13.09.2022\",\"datePublished\":\"2022-08-31T08:13:11+00:00\",\"dateModified\":\"2022-08-31T12:34:43+00:00\",\"mainEntityOfPage\":{\"@id\":\"https:\/\/ivek.ee\/ru\/infodni-po-evropejskim-meram-podderzhki-i-meram-spravedlivogo-perehoda\/\"},\"wordCount\":259,\"commentCount\":0,\"publisher\":{\"@id\":\"https:\/\/ivek.ee\/ru\/#organization\"},\"image\":{\"@id\":\"https:\/\/ivek.ee\/ru\/infodni-po-evropejskim-meram-podderzhki-i-meram-spravedlivogo-perehoda\/#primaryimage\"},\"thumbnailUrl\":\"https:\/\/ivek.ee\/wp-content\/uploads\/sf_valgel_y_1.jpg\",\"articleSection\":[\"\u0414\u0435\u0439\u0441\u0442\u0432\u0443\u044e\u0449\u0438\u0439 \u043f\u0440\u0435\u0434\u043f\u0440\u0438\u043d\u0438\u043c\u0430\u0442\u0435\u043b\u044c\",\"\u0424\u0438\u043d\u0430\u043d\u0441\u0438\u0440\u043e\u0432\u0430\u043d\u0438\u0435\/\u0441\u0443\u0431\u0441\u0438\u0434\u0438\u0438\",\"C\u0443\u0431\u0441\u0438\u0434\u0438\u0438\",\"\u041d\u041a\u041e\",\"\u0421\u043f\u0440\u0430\u0432\u0435\u0434\u043b\u0438\u0432\u044b\u0439 \u043f\u0435\u0440\u0435\u0445\u043e\u0434\",\"\u041f\u0440\u0435\u0434\u043f\u0440\u0438\u043d\u0438\u043c\u0430\u0442\u0435\u043b\u044c\",\"\u041d\u0430\u0447\u0438\u043d\u0430\u044e\u0449\u0438\u0439 \u043f\u0440\u0435\u0434\u043f\u0440\u0438\u043d\u0438\u043c\u0430\u0442\u0435\u043b\u044c\"],\"inLanguage\":\"ru-RU\",\"potentialAction\":[{\"@type\":\"CommentAction\",\"name\":\"Comment\",\"target\":[\"https:\/\/ivek.ee\/ru\/infodni-po-evropejskim-meram-podderzhki-i-meram-spravedlivogo-perehoda\/#respond\"]}]},{\"@type\":\"WebPage\",\"@id\":\"https:\/\/ivek.ee\/ru\/infodni-po-evropejskim-meram-podderzhki-i-meram-spravedlivogo-perehoda\/\",\"url\":\"https:\/\/ivek.ee\/ru\/infodni-po-evropejskim-meram-podderzhki-i-meram-spravedlivogo-perehoda\/\",\"name\":\"\u0418\u043d\u0444\u043e\u0434\u043d\u0438 \u043f\u043e \u0415\u0432\u0440\u043e\u043f\u0435\u0439\u0441\u043a\u0438\u043c \u043c\u0435\u0440\u0430\u043c \u043f\u043e\u0434\u0434\u0435\u0440\u0436\u043a\u0438 \u0438 \u043c\u0435\u0440\u0430\u043c \u0421\u043f\u0440\u0430\u0432\u0435\u0434\u043b\u0438\u0432\u043e\u0433\u043e \u043f\u0435\u0440\u0435\u0445\u043e\u0434\u0430 \u0432 \u041a\u043e\u0445\u0442\u043b\u0430-\u042f\u0440\u0432\u0435 13.09.2022 - Ida-Viru Ettev\u00f5tluskeskus\",\"isPartOf\":{\"@id\":\"https:\/\/ivek.ee\/ru\/#website\"},\"primaryImageOfPage\":{\"@id\":\"https:\/\/ivek.ee\/ru\/infodni-po-evropejskim-meram-podderzhki-i-meram-spravedlivogo-perehoda\/#primaryimage\"},\"image\":{\"@id\":\"https:\/\/ivek.ee\/ru\/infodni-po-evropejskim-meram-podderzhki-i-meram-spravedlivogo-perehoda\/#primaryimage\"},\"thumbnailUrl\":\"https:\/\/ivek.ee\/wp-content\/uploads\/sf_valgel_y_1.jpg\",\"datePublished\":\"2022-08-31T08:13:11+00:00\",\"dateModified\":\"2022-08-31T12:34:43+00:00\",\"breadcrumb\":{\"@id\":\"https:\/\/ivek.ee\/ru\/infodni-po-evropejskim-meram-podderzhki-i-meram-spravedlivogo-perehoda\/#breadcrumb\"},\"inLanguage\":\"ru-RU\",\"potentialAction\":[{\"@type\":\"ReadAction\",\"target\":[\"https:\/\/ivek.ee\/ru\/infodni-po-evropejskim-meram-podderzhki-i-meram-spravedlivogo-perehoda\/\"]}]},{\"@type\":\"ImageObject\",\"inLanguage\":\"ru-RU\",\"@id\":\"https:\/\/ivek.ee\/ru\/infodni-po-evropejskim-meram-podderzhki-i-meram-spravedlivogo-perehoda\/#primaryimage\",\"url\":\"https:\/\/ivek.ee\/wp-content\/uploads\/sf_valgel_y_1.jpg\",\"contentUrl\":\"https:\/\/ivek.ee\/wp-content\/uploads\/sf_valgel_y_1.jpg\",\"width\":1921,\"height\":1081},{\"@type\":\"BreadcrumbList\",\"@id\":\"https:\/\/ivek.ee\/ru\/infodni-po-evropejskim-meram-podderzhki-i-meram-spravedlivogo-perehoda\/#breadcrumb\",\"itemListElement\":[{\"@type\":\"ListItem\",\"position\":1,\"name\":\"Home\",\"item\":\"https:\/\/ivek.ee\/ru\/\"},{\"@type\":\"ListItem\",\"position\":2,\"name\":\"\u0418\u043d\u0444\u043e\u0434\u043d\u0438 \u043f\u043e \u0415\u0432\u0440\u043e\u043f\u0435\u0439\u0441\u043a\u0438\u043c \u043c\u0435\u0440\u0430\u043c \u043f\u043e\u0434\u0434\u0435\u0440\u0436\u043a\u0438 \u0438 \u043c\u0435\u0440\u0430\u043c \u0421\u043f\u0440\u0430\u0432\u0435\u0434\u043b\u0438\u0432\u043e\u0433\u043e \u043f\u0435\u0440\u0435\u0445\u043e\u0434\u0430 \u0432 \u041a\u043e\u0445\u0442\u043b\u0430-\u042f\u0440\u0432\u0435 13.09.2022\"}]},{\"@type\":\"WebSite\",\"@id\":\"https:\/\/ivek.ee\/ru\/#website\",\"url\":\"https:\/\/ivek.ee\/ru\/\",\"name\":\"Ida-Viru Ettev\u00f5tluskeskus\",\"description\":\"piirkondlik arengumootor\",\"publisher\":{\"@id\":\"https:\/\/ivek.ee\/ru\/#organization\"},\"potentialAction\":[{\"@type\":\"SearchAction\",\"target\":{\"@type\":\"EntryPoint\",\"urlTemplate\":\"https:\/\/ivek.ee\/ru\/?s={search_term_string}\"},\"query-input\":\"required name=search_term_string\"}],\"inLanguage\":\"ru-RU\"},{\"@type\":\"Organization\",\"@id\":\"https:\/\/ivek.ee\/ru\/#organization\",\"name\":\"Ida-Viru Ettev\u00f5tluskeskus\",\"url\":\"https:\/\/ivek.ee\/ru\/\",\"logo\":{\"@type\":\"ImageObject\",\"inLanguage\":\"ru-RU\",\"@id\":\"https:\/\/ivek.ee\/ru\/#\/schema\/logo\/image\/\",\"url\":\"https:\/\/ivek.ee\/wp-content\/uploads\/logo-ivek.svg\",\"contentUrl\":\"https:\/\/ivek.ee\/wp-content\/uploads\/logo-ivek.svg\",\"width\":280,\"height\":39,\"caption\":\"Ida-Viru Ettev\u00f5tluskeskus\"},\"image\":{\"@id\":\"https:\/\/ivek.ee\/ru\/#\/schema\/logo\/image\/\"},\"sameAs\":[\"https:\/\/www.facebook.com\/IVEK.EE\/\",\"https:\/\/www.youtube.com\/channel\/UC8QWit2-vFtafuuSU9J5gSw\",\"https:\/\/www.linkedin.com\/in\/ida-viru-ettevtluskeskus-252823217\/\",\"https:\/\/www.instagram.com\/idaviruettevotluskeskus\/\"]},{\"@type\":\"Person\",\"@id\":\"https:\/\/ivek.ee\/ru\/#\/schema\/person\/891af5481ebf1e4070a4f6f1a4f7404a\",\"name\":\"Aleksandra Lestsuk\",\"image\":{\"@type\":\"ImageObject\",\"inLanguage\":\"ru-RU\",\"@id\":\"https:\/\/ivek.ee\/ru\/#\/schema\/person\/image\/\",\"url\":\"https:\/\/secure.gravatar.com\/avatar\/1fbdee52d254ff299e46cba25776f3fe?s=96&d=mm&r=g\",\"contentUrl\":\"https:\/\/secure.gravatar.com\/avatar\/1fbdee52d254ff299e46cba25776f3fe?s=96&d=mm&r=g\",\"caption\":\"Aleksandra Lestsuk\"},\"url\":\"https:\/\/ivek.ee\/ru\/author\/aleksandra\/\"}]}<\/script>\n<!-- \/ Yoast SEO plugin. -->","yoast_head_json":{"title":"\u0418\u043d\u0444\u043e\u0434\u043d\u0438 \u043f\u043e \u0415\u0432\u0440\u043e\u043f\u0435\u0439\u0441\u043a\u0438\u043c \u043c\u0435\u0440\u0430\u043c \u043f\u043e\u0434\u0434\u0435\u0440\u0436\u043a\u0438 \u0438 \u043c\u0435\u0440\u0430\u043c \u0421\u043f\u0440\u0430\u0432\u0435\u0434\u043b\u0438\u0432\u043e\u0433\u043e \u043f\u0435\u0440\u0435\u0445\u043e\u0434\u0430 \u0432 \u041a\u043e\u0445\u0442\u043b\u0430-\u042f\u0440\u0432\u0435 13.09.2022 - Ida-Viru Ettev\u00f5tluskeskus","robots":{"index":"index","follow":"follow","max-snippet":"max-snippet:-1","max-image-preview":"max-image-preview:large","max-video-preview":"max-video-preview:-1"},"canonical":"https:\/\/ivek.ee\/ru\/infodni-po-evropejskim-meram-podderzhki-i-meram-spravedlivogo-perehoda\/","og_locale":"ru_RU","og_type":"article","og_title":"\u0418\u043d\u0444\u043e\u0434\u043d\u0438 \u043f\u043e \u0415\u0432\u0440\u043e\u043f\u0435\u0439\u0441\u043a\u0438\u043c \u043c\u0435\u0440\u0430\u043c \u043f\u043e\u0434\u0434\u0435\u0440\u0436\u043a\u0438 \u0438 \u043c\u0435\u0440\u0430\u043c \u0421\u043f\u0440\u0430\u0432\u0435\u0434\u043b\u0438\u0432\u043e\u0433\u043e \u043f\u0435\u0440\u0435\u0445\u043e\u0434\u0430 \u0432 \u041a\u043e\u0445\u0442\u043b\u0430-\u042f\u0440\u0432\u0435 13.09.2022 - Ida-Viru Ettev\u00f5tluskeskus","og_description":"[vc_row][vc_column][vc_column_text] Rahandusministeerium \u0438 Riigi Tugiteenuste Keskus \u043f\u0440\u0438\u0433\u043b\u0430\u0448\u0430\u044e\u0442: &nbsp; \u0420\u0435\u0433\u0438\u043e\u043d\u0430\u043b\u044c\u043d\u044b\u0435\u00a0 \u0438\u043d\u0444\u043e\u0434\u043d\u0438 \u043e \u0441\u0443\u0431\u0441\u0438\u0434\u0438\u044f\u0445\u00a0 \u0431\u0443\u0434\u0443\u0442 \u043f\u0440\u043e\u0445\u043e\u0434\u0438\u0442\u044c \u0441\u00a013 \u043f\u043e 30 \u0441\u0435\u043d\u0442\u044f\u0431\u0440\u044f \u0432 \u0440\u0430\u0437\u043d\u044b\u0445 \u043c\u0435\u0441\u0442\u0430\u0445 \u042d\u0441\u0442\u043e\u043d\u0438\u0438: \u041a\u043e\u0445\u0442\u043b\u0430-\u042f\u0440\u0432\u0435\u0441\u043a\u0430\u044f \u0441\u0440\u0435\u0434\u043d\u044f\u044f \u0448\u043a\u043e\u043b\u0430* &#8212; 13.09 \u0412\u044b\u0440\u0443\u0441\u043a\u0430\u044f \u0446\u0435\u043d\u0442\u0440\u0430\u043b\u044c\u043d\u0430\u044f \u0448\u043a\u043e\u043b\u0430 \u2013 20.09 \u0416\u0435\u043b\u0435\u0437\u043d\u043e\u0434\u043e\u0440\u043e\u0436\u043d\u044b\u0439 \u0432\u043e\u043a\u0437\u0430\u043b \u0422\u0430\u0440\u0442\u0443 &#8212; 21.09 \u0412\u0438\u043b\u044c\u044f\u043d\u0434\u0438\u0441\u043a\u0438\u0439 \u0430\u043c\u0431\u0430\u0440 \u0442\u0440\u0430\u0434\u0438\u0446\u0438\u043e\u043d\u043d\u043e\u0439 \u043c\u0443\u0437\u044b\u043a\u0438 &#8212; 27.09 \u041a\u043e\u0431\u0430\u0440, \u041f\u044f\u0440\u043d\u0443\u043c\u0430\u0430 &#8212; 28.09 \u0426\u0435\u043d\u0442\u0440 \u044d\u043a\u043e\u043b\u043e\u0433\u0438\u0447\u0435\u0441\u043a\u043e\u0433\u043e \u043e\u0431\u0440\u0430\u0437\u043e\u0432\u0430\u043d\u0438\u044f \u0422\u0430\u043b\u043b\u0438\u043d\u043d\u0441\u043a\u043e\u0433\u043e \u0437\u043e\u043e\u043f\u0430\u0440\u043a\u0430 &#8212; 30.09 \u041c\u0435\u0440\u043e\u043f\u0440\u0438\u044f\u0442\u0438\u0435 [&hellip;]","og_url":"https:\/\/ivek.ee\/ru\/infodni-po-evropejskim-meram-podderzhki-i-meram-spravedlivogo-perehoda\/","og_site_name":"Ida-Viru Ettev\u00f5tluskeskus","article_publisher":"https:\/\/www.facebook.com\/IVEK.EE\/","article_published_time":"2022-08-31T08:13:11+00:00","article_modified_time":"2022-08-31T12:34:43+00:00","og_image":[{"width":1921,"height":1081,"url":"https:\/\/ivek.ee\/wp-content\/uploads\/sf_valgel_y_1.jpg","type":"image\/jpeg"}],"author":"Aleksandra Lestsuk","twitter_card":"summary_large_image","twitter_misc":{"\u041d\u0430\u043f\u0438\u0441\u0430\u043d\u043e \u0430\u0432\u0442\u043e\u0440\u043e\u043c":"Aleksandra Lestsuk","\u041f\u0440\u0438\u043c\u0435\u0440\u043d\u043e\u0435 \u0432\u0440\u0435\u043c\u044f \u0434\u043b\u044f \u0447\u0442\u0435\u043d\u0438\u044f":"1 \u043c\u0438\u043d\u0443\u0442\u0430"},"schema":{"@context":"https:\/\/schema.org","@graph":[{"@type":"Article","@id":"https:\/\/ivek.ee\/ru\/infodni-po-evropejskim-meram-podderzhki-i-meram-spravedlivogo-perehoda\/#article","isPartOf":{"@id":"https:\/\/ivek.ee\/ru\/infodni-po-evropejskim-meram-podderzhki-i-meram-spravedlivogo-perehoda\/"},"author":{"name":"Aleksandra Lestsuk","@id":"https:\/\/ivek.ee\/ru\/#\/schema\/person\/891af5481ebf1e4070a4f6f1a4f7404a"},"headline":"\u0418\u043d\u0444\u043e\u0434\u043d\u0438 \u043f\u043e \u0415\u0432\u0440\u043e\u043f\u0435\u0439\u0441\u043a\u0438\u043c \u043c\u0435\u0440\u0430\u043c \u043f\u043e\u0434\u0434\u0435\u0440\u0436\u043a\u0438 \u0438 \u043c\u0435\u0440\u0430\u043c \u0421\u043f\u0440\u0430\u0432\u0435\u0434\u043b\u0438\u0432\u043e\u0433\u043e \u043f\u0435\u0440\u0435\u0445\u043e\u0434\u0430 \u0432 \u041a\u043e\u0445\u0442\u043b\u0430-\u042f\u0440\u0432\u0435 13.09.2022","datePublished":"2022-08-31T08:13:11+00:00","dateModified":"2022-08-31T12:34:43+00:00","mainEntityOfPage":{"@id":"https:\/\/ivek.ee\/ru\/infodni-po-evropejskim-meram-podderzhki-i-meram-spravedlivogo-perehoda\/"},"wordCount":259,"commentCount":0,"publisher":{"@id":"https:\/\/ivek.ee\/ru\/#organization"},"image":{"@id":"https:\/\/ivek.ee\/ru\/infodni-po-evropejskim-meram-podderzhki-i-meram-spravedlivogo-perehoda\/#primaryimage"},"thumbnailUrl":"https:\/\/ivek.ee\/wp-content\/uploads\/sf_valgel_y_1.jpg","articleSection":["\u0414\u0435\u0439\u0441\u0442\u0432\u0443\u044e\u0449\u0438\u0439 \u043f\u0440\u0435\u0434\u043f\u0440\u0438\u043d\u0438\u043c\u0430\u0442\u0435\u043b\u044c","\u0424\u0438\u043d\u0430\u043d\u0441\u0438\u0440\u043e\u0432\u0430\u043d\u0438\u0435\/\u0441\u0443\u0431\u0441\u0438\u0434\u0438\u0438","C\u0443\u0431\u0441\u0438\u0434\u0438\u0438","\u041d\u041a\u041e","\u0421\u043f\u0440\u0430\u0432\u0435\u0434\u043b\u0438\u0432\u044b\u0439 \u043f\u0435\u0440\u0435\u0445\u043e\u0434","\u041f\u0440\u0435\u0434\u043f\u0440\u0438\u043d\u0438\u043c\u0430\u0442\u0435\u043b\u044c","\u041d\u0430\u0447\u0438\u043d\u0430\u044e\u0449\u0438\u0439 \u043f\u0440\u0435\u0434\u043f\u0440\u0438\u043d\u0438\u043c\u0430\u0442\u0435\u043b\u044c"],"inLanguage":"ru-RU","potentialAction":[{"@type":"CommentAction","name":"Comment","target":["https:\/\/ivek.ee\/ru\/infodni-po-evropejskim-meram-podderzhki-i-meram-spravedlivogo-perehoda\/#respond"]}]},{"@type":"WebPage","@id":"https:\/\/ivek.ee\/ru\/infodni-po-evropejskim-meram-podderzhki-i-meram-spravedlivogo-perehoda\/","url":"https:\/\/ivek.ee\/ru\/infodni-po-evropejskim-meram-podderzhki-i-meram-spravedlivogo-perehoda\/","name":"\u0418\u043d\u0444\u043e\u0434\u043d\u0438 \u043f\u043e \u0415\u0432\u0440\u043e\u043f\u0435\u0439\u0441\u043a\u0438\u043c \u043c\u0435\u0440\u0430\u043c \u043f\u043e\u0434\u0434\u0435\u0440\u0436\u043a\u0438 \u0438 \u043c\u0435\u0440\u0430\u043c \u0421\u043f\u0440\u0430\u0432\u0435\u0434\u043b\u0438\u0432\u043e\u0433\u043e \u043f\u0435\u0440\u0435\u0445\u043e\u0434\u0430 \u0432 \u041a\u043e\u0445\u0442\u043b\u0430-\u042f\u0440\u0432\u0435 13.09.2022 - Ida-Viru Ettev\u00f5tluskeskus","isPartOf":{"@id":"https:\/\/ivek.ee\/ru\/#website"},"primaryImageOfPage":{"@id":"https:\/\/ivek.ee\/ru\/infodni-po-evropejskim-meram-podderzhki-i-meram-spravedlivogo-perehoda\/#primaryimage"},"image":{"@id":"https:\/\/ivek.ee\/ru\/infodni-po-evropejskim-meram-podderzhki-i-meram-spravedlivogo-perehoda\/#primaryimage"},"thumbnailUrl":"https:\/\/ivek.ee\/wp-content\/uploads\/sf_valgel_y_1.jpg","datePublished":"2022-08-31T08:13:11+00:00","dateModified":"2022-08-31T12:34:43+00:00","breadcrumb":{"@id":"https:\/\/ivek.ee\/ru\/infodni-po-evropejskim-meram-podderzhki-i-meram-spravedlivogo-perehoda\/#breadcrumb"},"inLanguage":"ru-RU","potentialAction":[{"@type":"ReadAction","target":["https:\/\/ivek.ee\/ru\/infodni-po-evropejskim-meram-podderzhki-i-meram-spravedlivogo-perehoda\/"]}]},{"@type":"ImageObject","inLanguage":"ru-RU","@id":"https:\/\/ivek.ee\/ru\/infodni-po-evropejskim-meram-podderzhki-i-meram-spravedlivogo-perehoda\/#primaryimage","url":"https:\/\/ivek.ee\/wp-content\/uploads\/sf_valgel_y_1.jpg","contentUrl":"https:\/\/ivek.ee\/wp-content\/uploads\/sf_valgel_y_1.jpg","width":1921,"height":1081},{"@type":"BreadcrumbList","@id":"https:\/\/ivek.ee\/ru\/infodni-po-evropejskim-meram-podderzhki-i-meram-spravedlivogo-perehoda\/#breadcrumb","itemListElement":[{"@type":"ListItem","position":1,"name":"Home","item":"https:\/\/ivek.ee\/ru\/"},{"@type":"ListItem","position":2,"name":"\u0418\u043d\u0444\u043e\u0434\u043d\u0438 \u043f\u043e \u0415\u0432\u0440\u043e\u043f\u0435\u0439\u0441\u043a\u0438\u043c \u043c\u0435\u0440\u0430\u043c \u043f\u043e\u0434\u0434\u0435\u0440\u0436\u043a\u0438 \u0438 \u043c\u0435\u0440\u0430\u043c \u0421\u043f\u0440\u0430\u0432\u0435\u0434\u043b\u0438\u0432\u043e\u0433\u043e \u043f\u0435\u0440\u0435\u0445\u043e\u0434\u0430 \u0432 \u041a\u043e\u0445\u0442\u043b\u0430-\u042f\u0440\u0432\u0435 13.09.2022"}]},{"@type":"WebSite","@id":"https:\/\/ivek.ee\/ru\/#website","url":"https:\/\/ivek.ee\/ru\/","name":"Ida-Viru Ettev\u00f5tluskeskus","description":"piirkondlik arengumootor","publisher":{"@id":"https:\/\/ivek.ee\/ru\/#organization"},"potentialAction":[{"@type":"SearchAction","target":{"@type":"EntryPoint","urlTemplate":"https:\/\/ivek.ee\/ru\/?s={search_term_string}"},"query-input":"required name=search_term_string"}],"inLanguage":"ru-RU"},{"@type":"Organization","@id":"https:\/\/ivek.ee\/ru\/#organization","name":"Ida-Viru Ettev\u00f5tluskeskus","url":"https:\/\/ivek.ee\/ru\/","logo":{"@type":"ImageObject","inLanguage":"ru-RU","@id":"https:\/\/ivek.ee\/ru\/#\/schema\/logo\/image\/","url":"https:\/\/ivek.ee\/wp-content\/uploads\/logo-ivek.svg","contentUrl":"https:\/\/ivek.ee\/wp-content\/uploads\/logo-ivek.svg","width":280,"height":39,"caption":"Ida-Viru Ettev\u00f5tluskeskus"},"image":{"@id":"https:\/\/ivek.ee\/ru\/#\/schema\/logo\/image\/"},"sameAs":["https:\/\/www.facebook.com\/IVEK.EE\/","https:\/\/www.youtube.com\/channel\/UC8QWit2-vFtafuuSU9J5gSw","https:\/\/www.linkedin.com\/in\/ida-viru-ettevtluskeskus-252823217\/","https:\/\/www.instagram.com\/idaviruettevotluskeskus\/"]},{"@type":"Person","@id":"https:\/\/ivek.ee\/ru\/#\/schema\/person\/891af5481ebf1e4070a4f6f1a4f7404a","name":"Aleksandra Lestsuk","image":{"@type":"ImageObject","inLanguage":"ru-RU","@id":"https:\/\/ivek.ee\/ru\/#\/schema\/person\/image\/","url":"https:\/\/secure.gravatar.com\/avatar\/1fbdee52d254ff299e46cba25776f3fe?s=96&d=mm&r=g","contentUrl":"https:\/\/secure.gravatar.com\/avatar\/1fbdee52d254ff299e46cba25776f3fe?s=96&d=mm&r=g","caption":"Aleksandra Lestsuk"},"url":"https:\/\/ivek.ee\/ru\/author\/aleksandra\/"}]}},"_links":{"self":[{"href":"https:\/\/ivek.ee\/ru\/wp-json\/wp\/v2\/posts\/17667","targetHints":{"allow":["GET"]}}],"collection":[{"href":"https:\/\/ivek.ee\/ru\/wp-json\/wp\/v2\/posts"}],"about":[{"href":"https:\/\/ivek.ee\/ru\/wp-json\/wp\/v2\/types\/post"}],"author":[{"embeddable":true,"href":"https:\/\/ivek.ee\/ru\/wp-json\/wp\/v2\/users\/2"}],"replies":[{"embeddable":true,"href":"https:\/\/ivek.ee\/ru\/wp-json\/wp\/v2\/comments?post=17667"}],"version-history":[{"count":4,"href":"https:\/\/ivek.ee\/ru\/wp-json\/wp\/v2\/posts\/17667\/revisions"}],"predecessor-version":[{"id":17682,"href":"https:\/\/ivek.ee\/ru\/wp-json\/wp\/v2\/posts\/17667\/revisions\/17682"}],"wp:featuredmedia":[{"embeddable":true,"href":"https:\/\/ivek.ee\/ru\/wp-json\/wp\/v2\/media\/17665"}],"wp:attachment":[{"href":"https:\/\/ivek.ee\/ru\/wp-json\/wp\/v2\/media?parent=17667"}],"wp:term":[{"taxonomy":"category","embeddable":true,"href":"https:\/\/ivek.ee\/ru\/wp-json\/wp\/v2\/categories?post=17667"},{"taxonomy":"post_tag","embeddable":true,"href":"https:\/\/ivek.ee\/ru\/wp-json\/wp\/v2\/tags?post=17667"}],"curies":[{"name":"wp","href":"https:\/\/api.w.org\/{rel}","templated":true}]}}